{"id":5068,"date":"2023-07-11T10:00:39","date_gmt":"2023-07-11T09:00:39","guid":{"rendered":"https:\/\/www.rocamar.es\/?p=5068"},"modified":"2023-07-11T11:04:04","modified_gmt":"2023-07-11T10:04:04","slug":"marbre-decoratiu-arabescat-vagli","status":"publish","type":"post","link":"https:\/\/www.rocamar.es\/ca\/marbre-decoratiu-arabescat-vagli\/","title":{"rendered":"Marbre decoratiu Arabescat Vagli"},"content":{"rendered":"\n<p><\/p>\n\n\n\n<p id=\"tw-target-text\">Habitualment ens referim al Marbre decoratiu de <strong>Carrara<\/strong> com si nom\u00e9s exist\u00eds una \u00fanica varietat comercial amb vincles amb aquesta zona del centre d&#8217;It\u00e0lia i els seus voltants, dins la regi\u00f3 dels Alps Apuans.<br><br>En realitat hi ha fins a 150 varietats que es comercialitzen en diferents noms i que formen part de diferents fam\u00edlies de materials.<br>Una d&#8217;aquestes fam\u00edlies \u00e9s la que s&#8217;anomena <strong>Arabescats<\/strong>.<br><br>A les <a href=\"https:\/\/www.rocamar.es\/ca\/showroom-rocamar\/\">nostres instal\u00b7lacions<\/a> comptem amb taules polides de 2 cm amb regularitat d&#8217;una de les seves varietats m\u00e9s representatives: <strong>L&#8217;Arabescat Vagli<\/strong>. Aquest marbre decoratiu s&#8217;extreu a la zona sud dels Alps Apuans, concretament a la <a href=\"https:\/\/ca.wikipedia.org\/wiki\/Garfagnana\" target=\"_blank\" rel=\"noreferrer noopener\">Garfagnana<\/a>.<br><br>Aquesta varietat t\u00e9 com a caracter\u00edstica principal els patrons d&#8217;arabescos sobre fons pr\u00e0cticament blanc. Les formes dels seus dibuixos permeten que les vetes combinin amb tota mena de projectes decoratius.<\/p>\n\n\n\n<figure class=\"wp-block-gallery has-nested-images columns-default is-cropped wp-block-gallery-1 is-layout-flex wp-block-gallery-is-layout-flex\">\n<figure class=\"wp-block-image size-large\"><img fetchpriority=\"high\" decoding=\"async\" width=\"1024\" height=\"485\" data-id=\"5075\" src=\"https:\/\/www.rocamar.es\/wp-content\/uploads\/2023\/07\/Projecte-1-1.jpg\" alt=\"\" class=\"wp-image-5075\" srcset=\"https:\/\/www.rocamar.es\/wp-content\/uploads\/2023\/07\/Projecte-1-1.jpg 1024w, https:\/\/www.rocamar.es\/wp-content\/uploads\/2023\/07\/Projecte-1-1-300x142.jpg 300w, https:\/\/www.rocamar.es\/wp-content\/uploads\/2023\/07\/Projecte-1-1-768x364.jpg 768w, https:\/\/www.rocamar.es\/wp-content\/uploads\/2023\/07\/Projecte-1-1-600x284.jpg 600w\" sizes=\"(max-width: 1024px) 100vw, 1024px\" \/><\/figure>\n\n\n\n<figure class=\"wp-block-image size-large\"><img decoding=\"async\" width=\"364\" height=\"768\" data-id=\"5071\" src=\"https:\/\/www.rocamar.es\/wp-content\/uploads\/2023\/07\/Projecte-2-1.jpg\" alt=\"\" class=\"wp-image-5071\" srcset=\"https:\/\/www.rocamar.es\/wp-content\/uploads\/2023\/07\/Projecte-2-1.jpg 364w, https:\/\/www.rocamar.es\/wp-content\/uploads\/2023\/07\/Projecte-2-1-142x300.jpg 142w\" sizes=\"(max-width: 364px) 100vw, 364px\" \/><\/figure>\n\n\n\n<figure class=\"wp-block-image size-large\"><img decoding=\"async\" width=\"1024\" height=\"485\" data-id=\"5073\" src=\"https:\/\/www.rocamar.es\/wp-content\/uploads\/2023\/07\/Projecte-3-1.jpg\" alt=\"\" class=\"wp-image-5073\" srcset=\"https:\/\/www.rocamar.es\/wp-content\/uploads\/2023\/07\/Projecte-3-1.jpg 1024w, https:\/\/www.rocamar.es\/wp-content\/uploads\/2023\/07\/Projecte-3-1-300x142.jpg 300w, https:\/\/www.rocamar.es\/wp-content\/uploads\/2023\/07\/Projecte-3-1-768x364.jpg 768w, https:\/\/www.rocamar.es\/wp-content\/uploads\/2023\/07\/Projecte-3-1-600x284.jpg 600w\" sizes=\"(max-width: 1024px) 100vw, 1024px\" \/><\/figure>\n<\/figure>\n","protected":false},"excerpt":{"rendered":"<p>Habitualment ens referim al Marbre decoratiu de Carrara com si nom\u00e9s exist\u00eds una \u00fanica varietat comercial amb vincles amb aquesta zona del centre d&#8217;It\u00e0lia i els seus voltants, dins la regi\u00f3 dels Alps Apuans. En realitat hi ha fins a 150 varietats que es comercialitzen en diferents noms i que formen part de diferents fam\u00edlies&hellip;<\/p>\n","protected":false},"author":8,"featured_media":5047,"comment_status":"open","ping_status":"open","sticky":false,"template":"","format":"standard","meta":{"_acf_changed":false,"footnotes":""},"categories":[1],"tags":[],"class_list":{"2":"type-post","6":"hentry"},"acf":[],"yoast_head":"<!-- This site is optimized with the Yoast SEO plugin v26.7 - https:\/\/yoast.com\/wordpress\/plugins\/seo\/ -->\n<title>Marbre decoratiu Arabescat Vagli - Rocamar<\/title>\n<meta name=\"description\" content=\"Arabescat Vagli: marbre decoratiu amb fons pr\u00e0cticament blanc amb vetes que permet combinar-lo en tot tipus de projecte decoratiu.\" \/>\n<meta name=\"robots\" content=\"index, follow, max-snippet:-1, max-image-preview:large, max-video-preview:-1\" \/>\n<link rel=\"canonical\" href=\"https:\/\/www.rocamar.es\/ca\/marbre-decoratiu-arabescat-vagli\/\" \/>\n<meta property=\"og:locale\" content=\"ca_ES\" \/>\n<meta property=\"og:type\" content=\"article\" \/>\n<meta property=\"og:title\" content=\"Marbre decoratiu Arabescat Vagli - Rocamar\" \/>\n<meta property=\"og:description\" content=\"Arabescat Vagli: marbre decoratiu amb fons pr\u00e0cticament blanc amb vetes que permet combinar-lo en tot tipus de projecte decoratiu.\" \/>\n<meta property=\"og:url\" content=\"https:\/\/www.rocamar.es\/ca\/marbre-decoratiu-arabescat-vagli\/\" \/>\n<meta property=\"og:site_name\" content=\"Rocamar\" \/>\n<meta property=\"article:published_time\" content=\"2023-07-11T09:00:39+00:00\" \/>\n<meta property=\"article:modified_time\" content=\"2023-07-11T10:04:04+00:00\" \/>\n<meta property=\"og:image\" content=\"https:\/\/www.rocamar.es\/wp-content\/uploads\/2023\/07\/tabla-final.jpg\" \/>\n\t<meta property=\"og:image:width\" content=\"1024\" \/>\n\t<meta property=\"og:image:height\" content=\"576\" \/>\n\t<meta property=\"og:image:type\" content=\"image\/jpeg\" \/>\n<meta name=\"author\" content=\"ogarcia@rocamar.es\" \/>\n<meta name=\"twitter:card\" content=\"summary_large_image\" \/>\n<meta name=\"twitter:label1\" content=\"Escrit per\" \/>\n\t<meta name=\"twitter:data1\" content=\"ogarcia@rocamar.es\" \/>\n\t<meta name=\"twitter:label2\" content=\"Temps estimat de lectura\" \/>\n\t<meta name=\"twitter:data2\" content=\"2 minuts\" \/>\n<script type=\"application\/ld+json\" class=\"yoast-schema-graph\">{\"@context\":\"https:\/\/schema.org\",\"@graph\":[{\"@type\":\"Article\",\"@id\":\"https:\/\/www.rocamar.es\/ca\/marbre-decoratiu-arabescat-vagli\/#article\",\"isPartOf\":{\"@id\":\"https:\/\/www.rocamar.es\/ca\/marbre-decoratiu-arabescat-vagli\/\"},\"author\":{\"name\":\"ogarcia@rocamar.es\",\"@id\":\"https:\/\/www.rocamar.es\/#\/schema\/person\/5c25aaad418ce947cff326fe9f051e98\"},\"headline\":\"Marbre decoratiu Arabescat Vagli\",\"datePublished\":\"2023-07-11T09:00:39+00:00\",\"dateModified\":\"2023-07-11T10:04:04+00:00\",\"mainEntityOfPage\":{\"@id\":\"https:\/\/www.rocamar.es\/ca\/marbre-decoratiu-arabescat-vagli\/\"},\"wordCount\":150,\"commentCount\":0,\"image\":{\"@id\":\"https:\/\/www.rocamar.es\/ca\/marbre-decoratiu-arabescat-vagli\/#primaryimage\"},\"thumbnailUrl\":\"https:\/\/www.rocamar.es\/wp-content\/uploads\/2023\/07\/tabla-final.jpg\",\"articleSection\":[\"Sin categorizar\"],\"inLanguage\":\"ca\",\"potentialAction\":[{\"@type\":\"CommentAction\",\"name\":\"Comment\",\"target\":[\"https:\/\/www.rocamar.es\/ca\/marbre-decoratiu-arabescat-vagli\/#respond\"]}]},{\"@type\":\"WebPage\",\"@id\":\"https:\/\/www.rocamar.es\/ca\/marbre-decoratiu-arabescat-vagli\/\",\"url\":\"https:\/\/www.rocamar.es\/ca\/marbre-decoratiu-arabescat-vagli\/\",\"name\":\"Marbre decoratiu Arabescat Vagli - Rocamar\",\"isPartOf\":{\"@id\":\"https:\/\/www.rocamar.es\/#website\"},\"primaryImageOfPage\":{\"@id\":\"https:\/\/www.rocamar.es\/ca\/marbre-decoratiu-arabescat-vagli\/#primaryimage\"},\"image\":{\"@id\":\"https:\/\/www.rocamar.es\/ca\/marbre-decoratiu-arabescat-vagli\/#primaryimage\"},\"thumbnailUrl\":\"https:\/\/www.rocamar.es\/wp-content\/uploads\/2023\/07\/tabla-final.jpg\",\"datePublished\":\"2023-07-11T09:00:39+00:00\",\"dateModified\":\"2023-07-11T10:04:04+00:00\",\"author\":{\"@id\":\"https:\/\/www.rocamar.es\/#\/schema\/person\/5c25aaad418ce947cff326fe9f051e98\"},\"description\":\"Arabescat Vagli: marbre decoratiu amb fons pr\u00e0cticament blanc amb vetes que permet combinar-lo en tot tipus de projecte decoratiu.\",\"breadcrumb\":{\"@id\":\"https:\/\/www.rocamar.es\/ca\/marbre-decoratiu-arabescat-vagli\/#breadcrumb\"},\"inLanguage\":\"ca\",\"potentialAction\":[{\"@type\":\"ReadAction\",\"target\":[\"https:\/\/www.rocamar.es\/ca\/marbre-decoratiu-arabescat-vagli\/\"]}]},{\"@type\":\"ImageObject\",\"inLanguage\":\"ca\",\"@id\":\"https:\/\/www.rocamar.es\/ca\/marbre-decoratiu-arabescat-vagli\/#primaryimage\",\"url\":\"https:\/\/www.rocamar.es\/wp-content\/uploads\/2023\/07\/tabla-final.jpg\",\"contentUrl\":\"https:\/\/www.rocamar.es\/wp-content\/uploads\/2023\/07\/tabla-final.jpg\",\"width\":1024,\"height\":576,\"caption\":\"m\u00e1rmol decorativo vagli\"},{\"@type\":\"BreadcrumbList\",\"@id\":\"https:\/\/www.rocamar.es\/ca\/marbre-decoratiu-arabescat-vagli\/#breadcrumb\",\"itemListElement\":[{\"@type\":\"ListItem\",\"position\":1,\"name\":\"Home\",\"item\":\"https:\/\/www.rocamar.es\/ca\/\"},{\"@type\":\"ListItem\",\"position\":2,\"name\":\"Marbre decoratiu Arabescat Vagli\"}]},{\"@type\":\"WebSite\",\"@id\":\"https:\/\/www.rocamar.es\/#website\",\"url\":\"https:\/\/www.rocamar.es\/\",\"name\":\"Rocamar\",\"description\":\"Rocas &amp; m\u00e1rmoles\",\"potentialAction\":[{\"@type\":\"SearchAction\",\"target\":{\"@type\":\"EntryPoint\",\"urlTemplate\":\"https:\/\/www.rocamar.es\/?s={search_term_string}\"},\"query-input\":{\"@type\":\"PropertyValueSpecification\",\"valueRequired\":true,\"valueName\":\"search_term_string\"}}],\"inLanguage\":\"ca\"},{\"@type\":\"Person\",\"@id\":\"https:\/\/www.rocamar.es\/#\/schema\/person\/5c25aaad418ce947cff326fe9f051e98\",\"name\":\"ogarcia@rocamar.es\",\"image\":{\"@type\":\"ImageObject\",\"inLanguage\":\"ca\",\"@id\":\"https:\/\/www.rocamar.es\/#\/schema\/person\/image\/\",\"url\":\"https:\/\/secure.gravatar.com\/avatar\/6aeebac2020ef158ade0fc4cd7ba406c93ff679c0037ef2293a5bdf29d4808a3?s=96&d=mm&r=g\",\"contentUrl\":\"https:\/\/secure.gravatar.com\/avatar\/6aeebac2020ef158ade0fc4cd7ba406c93ff679c0037ef2293a5bdf29d4808a3?s=96&d=mm&r=g\",\"caption\":\"ogarcia@rocamar.es\"},\"url\":\"https:\/\/www.rocamar.es\/ca\/author\/ogarciarocamar-es\/\"}]}<\/script>\n<!-- \/ Yoast SEO plugin. -->","yoast_head_json":{"title":"Marbre decoratiu Arabescat Vagli - Rocamar","description":"Arabescat Vagli: marbre decoratiu amb fons pr\u00e0cticament blanc amb vetes que permet combinar-lo en tot tipus de projecte decoratiu.","robots":{"index":"index","follow":"follow","max-snippet":"max-snippet:-1","max-image-preview":"max-image-preview:large","max-video-preview":"max-video-preview:-1"},"canonical":"https:\/\/www.rocamar.es\/ca\/marbre-decoratiu-arabescat-vagli\/","og_locale":"ca_ES","og_type":"article","og_title":"Marbre decoratiu Arabescat Vagli - Rocamar","og_description":"Arabescat Vagli: marbre decoratiu amb fons pr\u00e0cticament blanc amb vetes que permet combinar-lo en tot tipus de projecte decoratiu.","og_url":"https:\/\/www.rocamar.es\/ca\/marbre-decoratiu-arabescat-vagli\/","og_site_name":"Rocamar","article_published_time":"2023-07-11T09:00:39+00:00","article_modified_time":"2023-07-11T10:04:04+00:00","og_image":[{"width":1024,"height":576,"url":"https:\/\/www.rocamar.es\/wp-content\/uploads\/2023\/07\/tabla-final.jpg","type":"image\/jpeg"}],"author":"ogarcia@rocamar.es","twitter_card":"summary_large_image","twitter_misc":{"Escrit per":"ogarcia@rocamar.es","Temps estimat de lectura":"2 minuts"},"schema":{"@context":"https:\/\/schema.org","@graph":[{"@type":"Article","@id":"https:\/\/www.rocamar.es\/ca\/marbre-decoratiu-arabescat-vagli\/#article","isPartOf":{"@id":"https:\/\/www.rocamar.es\/ca\/marbre-decoratiu-arabescat-vagli\/"},"author":{"name":"ogarcia@rocamar.es","@id":"https:\/\/www.rocamar.es\/#\/schema\/person\/5c25aaad418ce947cff326fe9f051e98"},"headline":"Marbre decoratiu Arabescat Vagli","datePublished":"2023-07-11T09:00:39+00:00","dateModified":"2023-07-11T10:04:04+00:00","mainEntityOfPage":{"@id":"https:\/\/www.rocamar.es\/ca\/marbre-decoratiu-arabescat-vagli\/"},"wordCount":150,"commentCount":0,"image":{"@id":"https:\/\/www.rocamar.es\/ca\/marbre-decoratiu-arabescat-vagli\/#primaryimage"},"thumbnailUrl":"https:\/\/www.rocamar.es\/wp-content\/uploads\/2023\/07\/tabla-final.jpg","articleSection":["Sin categorizar"],"inLanguage":"ca","potentialAction":[{"@type":"CommentAction","name":"Comment","target":["https:\/\/www.rocamar.es\/ca\/marbre-decoratiu-arabescat-vagli\/#respond"]}]},{"@type":"WebPage","@id":"https:\/\/www.rocamar.es\/ca\/marbre-decoratiu-arabescat-vagli\/","url":"https:\/\/www.rocamar.es\/ca\/marbre-decoratiu-arabescat-vagli\/","name":"Marbre decoratiu Arabescat Vagli - Rocamar","isPartOf":{"@id":"https:\/\/www.rocamar.es\/#website"},"primaryImageOfPage":{"@id":"https:\/\/www.rocamar.es\/ca\/marbre-decoratiu-arabescat-vagli\/#primaryimage"},"image":{"@id":"https:\/\/www.rocamar.es\/ca\/marbre-decoratiu-arabescat-vagli\/#primaryimage"},"thumbnailUrl":"https:\/\/www.rocamar.es\/wp-content\/uploads\/2023\/07\/tabla-final.jpg","datePublished":"2023-07-11T09:00:39+00:00","dateModified":"2023-07-11T10:04:04+00:00","author":{"@id":"https:\/\/www.rocamar.es\/#\/schema\/person\/5c25aaad418ce947cff326fe9f051e98"},"description":"Arabescat Vagli: marbre decoratiu amb fons pr\u00e0cticament blanc amb vetes que permet combinar-lo en tot tipus de projecte decoratiu.","breadcrumb":{"@id":"https:\/\/www.rocamar.es\/ca\/marbre-decoratiu-arabescat-vagli\/#breadcrumb"},"inLanguage":"ca","potentialAction":[{"@type":"ReadAction","target":["https:\/\/www.rocamar.es\/ca\/marbre-decoratiu-arabescat-vagli\/"]}]},{"@type":"ImageObject","inLanguage":"ca","@id":"https:\/\/www.rocamar.es\/ca\/marbre-decoratiu-arabescat-vagli\/#primaryimage","url":"https:\/\/www.rocamar.es\/wp-content\/uploads\/2023\/07\/tabla-final.jpg","contentUrl":"https:\/\/www.rocamar.es\/wp-content\/uploads\/2023\/07\/tabla-final.jpg","width":1024,"height":576,"caption":"m\u00e1rmol decorativo vagli"},{"@type":"BreadcrumbList","@id":"https:\/\/www.rocamar.es\/ca\/marbre-decoratiu-arabescat-vagli\/#breadcrumb","itemListElement":[{"@type":"ListItem","position":1,"name":"Home","item":"https:\/\/www.rocamar.es\/ca\/"},{"@type":"ListItem","position":2,"name":"Marbre decoratiu Arabescat Vagli"}]},{"@type":"WebSite","@id":"https:\/\/www.rocamar.es\/#website","url":"https:\/\/www.rocamar.es\/","name":"Rocamar","description":"Rocas &amp; m\u00e1rmoles","potentialAction":[{"@type":"SearchAction","target":{"@type":"EntryPoint","urlTemplate":"https:\/\/www.rocamar.es\/?s={search_term_string}"},"query-input":{"@type":"PropertyValueSpecification","valueRequired":true,"valueName":"search_term_string"}}],"inLanguage":"ca"},{"@type":"Person","@id":"https:\/\/www.rocamar.es\/#\/schema\/person\/5c25aaad418ce947cff326fe9f051e98","name":"ogarcia@rocamar.es","image":{"@type":"ImageObject","inLanguage":"ca","@id":"https:\/\/www.rocamar.es\/#\/schema\/person\/image\/","url":"https:\/\/secure.gravatar.com\/avatar\/6aeebac2020ef158ade0fc4cd7ba406c93ff679c0037ef2293a5bdf29d4808a3?s=96&d=mm&r=g","contentUrl":"https:\/\/secure.gravatar.com\/avatar\/6aeebac2020ef158ade0fc4cd7ba406c93ff679c0037ef2293a5bdf29d4808a3?s=96&d=mm&r=g","caption":"ogarcia@rocamar.es"},"url":"https:\/\/www.rocamar.es\/ca\/author\/ogarciarocamar-es\/"}]}},"_links":{"self":[{"href":"https:\/\/www.rocamar.es\/ca\/wp-json\/wp\/v2\/posts\/5068","targetHints":{"allow":["GET"]}}],"collection":[{"href":"https:\/\/www.rocamar.es\/ca\/wp-json\/wp\/v2\/posts"}],"about":[{"href":"https:\/\/www.rocamar.es\/ca\/wp-json\/wp\/v2\/types\/post"}],"author":[{"embeddable":true,"href":"https:\/\/www.rocamar.es\/ca\/wp-json\/wp\/v2\/users\/8"}],"replies":[{"embeddable":true,"href":"https:\/\/www.rocamar.es\/ca\/wp-json\/wp\/v2\/comments?post=5068"}],"version-history":[{"count":0,"href":"https:\/\/www.rocamar.es\/ca\/wp-json\/wp\/v2\/posts\/5068\/revisions"}],"wp:featuredmedia":[{"embeddable":true,"href":"https:\/\/www.rocamar.es\/ca\/wp-json\/wp\/v2\/media\/5047"}],"wp:attachment":[{"href":"https:\/\/www.rocamar.es\/ca\/wp-json\/wp\/v2\/media?parent=5068"}],"wp:term":[{"taxonomy":"category","embeddable":true,"href":"https:\/\/www.rocamar.es\/ca\/wp-json\/wp\/v2\/categories?post=5068"},{"taxonomy":"post_tag","embeddable":true,"href":"https:\/\/www.rocamar.es\/ca\/wp-json\/wp\/v2\/tags?post=5068"}],"curies":[{"name":"wp","href":"https:\/\/api.w.org\/{rel}","templated":true}]}}